{"id":10447,"date":"2023-10-27T15:15:30","date_gmt":"2023-10-27T13:15:30","guid":{"rendered":"https:\/\/www.tesson.fr\/?p=10447"},"modified":"2023-12-21T11:14:35","modified_gmt":"2023-12-21T10:14:35","slug":"expertise-groupe-tesson","status":"publish","type":"post","link":"https:\/\/www.tesson.fr\/index.php\/2023\/10\/27\/expertise-groupe-tesson\/","title":{"rendered":"Groupe Tesson : 100 ans d&rsquo;expertise du froid"},"content":{"rendered":"\n[et_pb_section fb_built=\u00a0\u00bb1&Prime; _builder_version=\u00a0\u00bb4.9.0&Prime; _module_preset=\u00a0\u00bbdefault\u00a0\u00bb width=\u00a0\u00bb100%\u00a0\u00bb max_width=\u00a0\u00bb100%\u00a0\u00bb custom_padding=\u00a0\u00bb30px|0px|0px|0px|false|true\u00a0\u00bb global_colors_info=\u00a0\u00bb{}\u00a0\u00bb theme_builder_area=\u00a0\u00bbpost_content\u00a0\u00bb][et_pb_row _builder_version=\u00a0\u00bb4.9.0&Prime; _module_preset=\u00a0\u00bbdefault\u00a0\u00bb custom_padding=\u00a0\u00bb1px||0px||false|false\u00a0\u00bb global_colors_info=\u00a0\u00bb{}\u00a0\u00bb theme_builder_area=\u00a0\u00bbpost_content\u00a0\u00bb][et_pb_column type=\u00a0\u00bb4_4&Prime; _builder_version=\u00a0\u00bb4.7.7&Prime; _module_preset=\u00a0\u00bbdefault\u00a0\u00bb global_colors_info=\u00a0\u00bb{}\u00a0\u00bb theme_builder_area=\u00a0\u00bbpost_content\u00a0\u00bb][et_pb_code _builder_version=\u00a0\u00bb4.8.1&Prime; _module_preset=\u00a0\u00bbdefault\u00a0\u00bb locked=\u00a0\u00bboff\u00a0\u00bb global_colors_info=\u00a0\u00bb{}\u00a0\u00bb theme_builder_area=\u00a0\u00bbpost_content\u00a0\u00bb]<nav aria-label=\"breadcrumbs\" class=\"rank-math-breadcrumb\"><p><span class=\"last\">Accueil<\/span><\/p><\/nav>[\/et_pb_code][et_pb_divider color=\u00a0\u00bb#f39100&Prime; divider_weight=\u00a0\u00bb3px\u00a0\u00bb _builder_version=\u00a0\u00bb4.14.4&Prime; max_width=\u00a0\u00bb50px\u00a0\u00bb module_alignment=\u00a0\u00bbcenter\u00a0\u00bb global_colors_info=\u00a0\u00bb{}\u00a0\u00bb theme_builder_area=\u00a0\u00bbpost_content\u00a0\u00bb][\/et_pb_divider][et_pb_blurb title=\u00a0\u00bbGroupe Tesson : 100 ans d&rsquo;expertise du froid\u00a0\u00bb content_max_width=\u00a0\u00bb1100px\u00a0\u00bb _builder_version=\u00a0\u00bb4.14.4&Prime; _module_preset=\u00a0\u00bbdefault\u00a0\u00bb header_level=\u00a0\u00bbh1&Prime; header_font=\u00a0\u00bb|700||on|||||\u00a0\u00bb header_text_align=\u00a0\u00bbcenter\u00a0\u00bb header_text_color=\u00a0\u00bb#333333&Prime; header_font_size=\u00a0\u00bb45px\u00a0\u00bb header_letter_spacing=\u00a0\u00bb2px\u00a0\u00bb header_line_height=\u00a0\u00bb1.2em\u00a0\u00bb body_font=\u00a0\u00bb|300||on|||||\u00a0\u00bb body_text_align=\u00a0\u00bbcenter\u00a0\u00bb body_text_color=\u00a0\u00bb#f39100&Prime; body_font_size=\u00a0\u00bb18px\u00a0\u00bb body_letter_spacing=\u00a0\u00bb1px\u00a0\u00bb body_line_height=\u00a0\u00bb2em\u00a0\u00bb width=\u00a0\u00bb100%\u00a0\u00bb custom_margin=\u00a0\u00bb27px||27px||true|false\u00a0\u00bb hover_enabled=\u00a0\u00bb0&Prime; header_font_size_tablet=\u00a0\u00bb\u00a0\u00bb header_font_size_phone=\u00a0\u00bb30px\u00a0\u00bb header_font_size_last_edited=\u00a0\u00bbon|phone\u00a0\u00bb global_colors_info=\u00a0\u00bb{}\u00a0\u00bb theme_builder_area=\u00a0\u00bbpost_content\u00a0\u00bb sticky_enabled=\u00a0\u00bb0&Prime;]<p>#expert #froid #logistique #centenaire<\/p>[\/et_pb_blurb][\/et_pb_column][\/et_pb_row][et_pb_row _builder_version=\u00a0\u00bb4.9.0&Prime; _module_preset=\u00a0\u00bbdefault\u00a0\u00bb custom_padding=\u00a0\u00bb1px||||false|false\u00a0\u00bb global_colors_info=\u00a0\u00bb{}\u00a0\u00bb theme_builder_area=\u00a0\u00bbpost_content\u00a0\u00bb][et_pb_column type=\u00a0\u00bb4_4&Prime; _builder_version=\u00a0\u00bb4.8.1&Prime; _module_preset=\u00a0\u00bbdefault\u00a0\u00bb global_colors_info=\u00a0\u00bb{}\u00a0\u00bb theme_builder_area=\u00a0\u00bbpost_content\u00a0\u00bb][et_pb_blurb content_max_width=\u00a0\u00bb1100px\u00a0\u00bb _builder_version=\u00a0\u00bb4.14.4&Prime; _module_preset=\u00a0\u00bbdefault\u00a0\u00bb header_level=\u00a0\u00bbh3&Prime; header_font=\u00a0\u00bb|300|||||||\u00a0\u00bb header_text_color=\u00a0\u00bb#0078b5&Prime; header_font_size=\u00a0\u00bb35px\u00a0\u00bb header_letter_spacing=\u00a0\u00bb1px\u00a0\u00bb header_line_height=\u00a0\u00bb1.2em\u00a0\u00bb body_font=\u00a0\u00bbNexa Light|300|||||||\u00a0\u00bb body_text_color=\u00a0\u00bb#333333&Prime; body_font_size=\u00a0\u00bb18px\u00a0\u00bb text_orientation=\u00a0\u00bbcenter\u00a0\u00bb width=\u00a0\u00bb100%\u00a0\u00bb module_alignment=\u00a0\u00bbcenter\u00a0\u00bb custom_padding=\u00a0\u00bb0px|||||\u00a0\u00bb hover_enabled=\u00a0\u00bb0&Prime; global_colors_info=\u00a0\u00bb{}\u00a0\u00bb theme_builder_area=\u00a0\u00bbpost_content\u00a0\u00bb sticky_enabled=\u00a0\u00bb0&Prime;]<p>\u00ab\u00a0Le 31 mai 1919,\u00a0<a href=\"https:\/\/www.ouest-france.fr\/pays-de-la-loire\/les-sables-dolonne-85100\/le-groupe-sablais-tesson-poursuit-son-extension-458314?utm_source=troove&amp;utm_medium=site\" target=\"_blank\" rel=\"noopener\">l\u2019entrepreneur sablais Jean Tesson<\/a>\u00a0rach\u00e8te un fonds de commerce sur le port, au 23, quai de Guin\u00e9e. Il y fabrique des pains de glace, \u00e0 destination des bateaux de p\u00eache mais aussi des particuliers, afin d\u2019alimenter leurs glaci\u00e8res, anc\u00eatres des r\u00e9frig\u00e9rateurs.<\/p>\n<div class=\"su-article\">\n<p>&nbsp;<\/p>\n<h2><strong>Leur m\u00e9tier : produire du froid<\/strong><\/h2>\n<p><strong><\/strong><\/p>\n<p>En 1962, Yves Tesson, le fils de Jean, lance l\u2019entreprise familiale dans une nouvelle activit\u00e9, alors en plein d\u00e9veloppement : l\u2019entreposage frigorifique. Avec sa nouvelle soci\u00e9t\u00e9, la Soci\u00e9t\u00e9 frigorifique centre Atlantique (Sofrica), il fait construire un premier entrep\u00f4t, toujours sur le port. C\u2019est dans cette branche que le groupe Tesson va conna\u00eetre&#8230;\u00a0\u00bb<\/p>\n<p>&nbsp;<\/p>\n<\/div>[\/et_pb_blurb][\/et_pb_column][\/et_pb_row][et_pb_row _builder_version=\u00a0\u00bb4.14.4&Prime; _module_preset=\u00a0\u00bbdefault\u00a0\u00bb custom_margin=\u00a0\u00bb0px||0px||false|false\u00a0\u00bb custom_padding=\u00a0\u00bb0px||0px||false|false\u00a0\u00bb global_colors_info=\u00a0\u00bb{}\u00a0\u00bb theme_builder_area=\u00a0\u00bbpost_content\u00a0\u00bb][et_pb_column type=\u00a0\u00bb4_4&Prime; _builder_version=\u00a0\u00bb4.8.1&Prime; _module_preset=\u00a0\u00bbdefault\u00a0\u00bb global_colors_info=\u00a0\u00bb{}\u00a0\u00bb theme_builder_area=\u00a0\u00bbpost_content\u00a0\u00bb][et_pb_button button_url=\u00a0\u00bbhttps:\/\/www.ouest-france.fr\/pays-de-la-loire\/les-sables-dolonne-85100\/les-sables-d-olonne-groupe-tesson-100-ans-d-expertise-du-froid-6585666&Prime; url_new_window=\u00a0\u00bbon\u00a0\u00bb button_text=\u00a0\u00bbVoir l&rsquo;article complet\u00a0\u00bb button_alignment=\u00a0\u00bbcenter\u00a0\u00bb _builder_version=\u00a0\u00bb4.14.4&Prime; _module_preset=\u00a0\u00bbdefault\u00a0\u00bb custom_button=\u00a0\u00bbon\u00a0\u00bb button_text_color=\u00a0\u00bb#f39100&Prime; button_bg_color=\u00a0\u00bb#ffffff\u00a0\u00bb button_border_width=\u00a0\u00bb3px\u00a0\u00bb button_border_radius=\u00a0\u00bb0px\u00a0\u00bb button_letter_spacing=\u00a0\u00bb1px\u00a0\u00bb button_font=\u00a0\u00bb|700||on|||||\u00a0\u00bb button_use_icon=\u00a0\u00bboff\u00a0\u00bb custom_margin=\u00a0\u00bb30px||0px||false|false\u00a0\u00bb custom_padding=\u00a0\u00bb1%|2%|1%|2%|true|true\u00a0\u00bb hover_enabled=\u00a0\u00bb0&Prime; button_text_size_tablet=\u00a0\u00bb\u00a0\u00bb button_text_size_phone=\u00a0\u00bb16px\u00a0\u00bb button_text_size_last_edited=\u00a0\u00bbon|phone\u00a0\u00bb locked=\u00a0\u00bboff\u00a0\u00bb global_colors_info=\u00a0\u00bb{}\u00a0\u00bb button_bg_color__hover_enabled=\u00a0\u00bbon|hover\u00a0\u00bb button_bg_color__hover=\u00a0\u00bb#f39100&Prime; button_bg_enable_color__hover=\u00a0\u00bbon\u00a0\u00bb button_letter_spacing__hover_enabled=\u00a0\u00bbon|hover\u00a0\u00bb button_letter_spacing__hover=\u00a0\u00bb2px\u00a0\u00bb button_text_color__hover_enabled=\u00a0\u00bbon|desktop\u00a0\u00bb button_text_color__hover=\u00a0\u00bb#ffffff\u00a0\u00bb button_border_color__hover_enabled=\u00a0\u00bbon|desktop\u00a0\u00bb theme_builder_area=\u00a0\u00bbpost_content\u00a0\u00bb sticky_enabled=\u00a0\u00bb0&Prime;][\/et_pb_button][\/et_pb_column][\/et_pb_row][\/et_pb_section]\n","protected":false},"excerpt":{"rendered":"<p><nav aria-label=\"breadcrumbs\" class=\"rank-math-breadcrumb\"><p><span class=\"last\">Accueil<\/span><\/p><\/nav>#expert #froid #logistique #centenaire\u00a0\u00bbLe 31 mai 1919,\u00a0l\u2019entrepreneur sablais Jean Tesson\u00a0rach\u00e8te un fonds de commerce sur le port, au 23, quai de Guin\u00e9e. Il y fabrique des pains de glace, \u00e0 destination des bateaux de p\u00eache mais aussi des particuliers, afin d\u2019alimenter leurs glaci\u00e8res, anc\u00eatres des r\u00e9frig\u00e9rateurs. &nbsp; Leur m\u00e9tier : produire du froid En 1962, [&hellip;]<\/p>\n","protected":false},"author":1,"featured_media":9859,"comment_status":"closed","ping_status":"closed","sticky":false,"template":"","format":"standard","meta":{"_et_pb_use_builder":"on","_et_pb_old_content":"","_et_gb_content_width":"1080","footnotes":""},"categories":[3],"tags":[],"class_list":["post-10447","post","type-post","status-publish","format-standard","has-post-thumbnail","hentry","category-presse"],"_links":{"self":[{"href":"https:\/\/www.tesson.fr\/index.php\/wp-json\/wp\/v2\/posts\/10447","targetHints":{"allow":["GET"]}}],"collection":[{"href":"https:\/\/www.tesson.fr\/index.php\/wp-json\/wp\/v2\/posts"}],"about":[{"href":"https:\/\/www.tesson.fr\/index.php\/wp-json\/wp\/v2\/types\/post"}],"author":[{"embeddable":true,"href":"https:\/\/www.tesson.fr\/index.php\/wp-json\/wp\/v2\/users\/1"}],"replies":[{"embeddable":true,"href":"https:\/\/www.tesson.fr\/index.php\/wp-json\/wp\/v2\/comments?post=10447"}],"version-history":[{"count":3,"href":"https:\/\/www.tesson.fr\/index.php\/wp-json\/wp\/v2\/posts\/10447\/revisions"}],"predecessor-version":[{"id":10450,"href":"https:\/\/www.tesson.fr\/index.php\/wp-json\/wp\/v2\/posts\/10447\/revisions\/10450"}],"wp:featuredmedia":[{"embeddable":true,"href":"https:\/\/www.tesson.fr\/index.php\/wp-json\/wp\/v2\/media\/9859"}],"wp:attachment":[{"href":"https:\/\/www.tesson.fr\/index.php\/wp-json\/wp\/v2\/media?parent=10447"}],"wp:term":[{"taxonomy":"category","embeddable":true,"href":"https:\/\/www.tesson.fr\/index.php\/wp-json\/wp\/v2\/categories?post=10447"},{"taxonomy":"post_tag","embeddable":true,"href":"https:\/\/www.tesson.fr\/index.php\/wp-json\/wp\/v2\/tags?post=10447"}],"curies":[{"name":"wp","href":"https:\/\/api.w.org\/{rel}","templated":true}]}}